{"id":1710,"__str__":"Emenda impositiva n\u00ba 8 de 2025","link_detail_backend":"/materia/1710","metadata":{},"numero":8,"ano":2025,"numero_protocolo":481,"data_apresentacao":"2025-12-15","tipo_apresentacao":"","data_publicacao":null,"numero_origem_externa":"","ano_origem_externa":null,"data_origem_externa":null,"apelido":"","dias_prazo":null,"data_fim_prazo":null,"em_tramitacao":false,"polemica":false,"objeto":"","complementar":false,"ementa":"EMENDA IMPOSITIVA N.\u00ba 08/2025 DO VEREADOR IRINEU MANFRIN ao Projeto de Lei n.\u00ba 64/2025:\r\n\r\nAquisi\u00e7\u00e3o de 6 (seis) aparelhos de ar condicionado inverter 18.000 BTUs para a Escola Municipal S\u00e3o Jos\u00e9\t29.400,00\r\nAquisi\u00e7\u00e3o de 4 (quatro) notebooks Core i5 para uso administrativo e pedag\u00f3gico da Escola Municipal S\u00e3o Jos\u00e9\t14.000,00","indexacao":"","observacao":"","resultado":"","texto_original":"http://sapl.peabiru.pr.leg.br/media/sapl/public/materialegislativa/2025/1710/emenda_impositiva_individual_08.2025_-_irineu_manfrin.pdf","data_ultima_atualizacao":"2025-12-19T14:25:08.253676-03:00","ip":"45.167.35.2","ultima_edicao":"2025-12-19T14:25:08.115506-03:00","tipo":30,"regime_tramitacao":4,"tipo_origem_externa":null,"local_origem_externa":null,"user":2,"anexadas":[],"autores":[9]}