{"id":1698,"__str__":"Emenda n\u00ba 4 de 2025","link_detail_backend":"/materia/1698","metadata":{},"numero":4,"ano":2025,"numero_protocolo":469,"data_apresentacao":"2025-12-15","tipo_apresentacao":"","data_publicacao":null,"numero_origem_externa":"","ano_origem_externa":null,"data_origem_externa":null,"apelido":"","dias_prazo":null,"data_fim_prazo":null,"em_tramitacao":true,"polemica":false,"objeto":"","complementar":false,"ementa":"Emendas Aditivas ao Projeto de Lei n.\u00ba 58/2025 PPA 2026/2029 do Vereador Jo\u00e3o Carlos Santana:\r\nEMENDA ADITIVA I \u2013 PROJETO URBANO DE ARBORIZA\u00c7\u00c3O\r\nArt. 1\u00ba \u2013 Fica aditado ao Art. 3\u00ba do Projeto de Lei n\u00ba 58/2025 o seguinte inciso XVIII:\r\n\u201cXVIII \u2013 Implantar e manter o projeto urbano de arboriza\u00e7\u00e3o, destinado ao plantio, manuten\u00e7\u00e3o e reposi\u00e7\u00e3o de \u00e1rvores em logradouros p\u00fablicos, integrando a\u00e7\u00f5es de sustentabilidade, qualidade ambiental, sombreamento e paisagismo, em conson\u00e2ncia com o Plano Diretor e com a Lei Org\u00e2nica do Munic\u00edpio.\u201d\r\nArt. 2\u00ba \u2013 As demais disposi\u00e7\u00f5es do Projeto de Lei permanecem inalteradas.\r\n\r\nEMENDA ADITIVA II \u2013 PROGRAMA DE FOMENTO \u00c0S CAL\u00c7ADAS ECOL\u00d3GICAS\r\nArt. 1\u00ba \u2013 Fica aditado ao Art. 3\u00ba do Projeto de Lei n\u00ba 58/2025 o seguinte inciso XIX:\r\n\u201cXIX \u2013 Instituir o Programa Municipal de Fomento \u00e0s Cal\u00e7adas Ecol\u00f3gicas, com vistas a estimular a implanta\u00e7\u00e3o de passeios sustent\u00e1veis, perme\u00e1veis e acess\u00edveis, por meio de pol\u00edticas de subs\u00eddio, incentivo t\u00e9cnico e apoio aos mun\u00edcipes que n\u00e3o disp\u00f5em de cal\u00e7adas, garantindo acessibilidade universal e melhoria da drenagem urbana.\u201d\r\nArt. 2\u00ba \u2013 As demais disposi\u00e7\u00f5es do Projeto de Lei permanecem inalteradas.","indexacao":"","observacao":"","resultado":"","texto_original":"http://sapl.peabiru.pr.leg.br/media/sapl/public/materialegislativa/2025/1698/emenda_ppa_santana_-_calcadas_e_arborizacao.pdf","data_ultima_atualizacao":"2025-12-15T10:57:53.155123-03:00","ip":"45.167.35.2","ultima_edicao":"2025-12-15T10:57:53.144011-03:00","tipo":6,"regime_tramitacao":4,"tipo_origem_externa":null,"local_origem_externa":null,"user":4,"anexadas":[],"autores":[34]}